{"id":1487,"date":"2024-12-02T08:22:02","date_gmt":"2024-12-02T08:22:02","guid":{"rendered":"https:\/\/www.taxperia.com.tr\/?p=1487"},"modified":"2025-05-11T21:52:12","modified_gmt":"2025-05-11T21:52:12","slug":"buyuyen-ar-ge-ve-tasarim-merkezleri-ne-ilave-kazanc-indirimi-imkani-09-01-2023-tarih-ve-6652-sayili-cumhurbaskani-karari-uyarinca-31-12-2028-tarihine-kadar-uzatilmistir","status":"publish","type":"post","link":"http:\/\/www.taxperia.com.tr\/index.php\/2024\/12\/02\/buyuyen-ar-ge-ve-tasarim-merkezleri-ne-ilave-kazanc-indirimi-imkani-09-01-2023-tarih-ve-6652-sayili-cumhurbaskani-karari-uyarinca-31-12-2028-tarihine-kadar-uzatilmistir\/","title":{"rendered":"B\u00fcy\u00fcyen Ar-Ge ve Tasar\u0131m Merkezleri\u2019 ne \u0130lave Kazan\u00e7 \u0130ndirimi \u0130mk\u00e2n\u0131 09.01.2023 Tarih ve 6652 Say\u0131l\u0131 Cumhurba\u015fkan\u0131 Karar\u0131 Uyar\u0131nca 31.12.2028 Tarihine Kadar Uzat\u0131lm\u0131\u015ft\u0131r."},"content":{"rendered":"\n<p>09.01.2023 Tarih ve 6652 Say\u0131l\u0131 Cumhurba\u015fkan\u0131 Karar\u0131 Uyar\u0131nca 8\/2\/2008 tarihli ve 5746 say\u0131l\u0131 Ara\u015ft\u0131rma, Geli\u015ftirme ve Tasar\u0131m Faaliyetlerinin Desteklenmesi Hakk\u0131nda Kanun kapsam\u0131nda kurulan ve a\u015fa\u011f\u0131da belirtilen g\u00f6stergelerden herhangi birinde bir \u00f6nceki y\u0131la g\u00f6re en az % 20 art\u0131\u015f sa\u011flayan Ar-Ge veya tasar\u0131m merkezlerinde, o y\u0131l yap\u0131lan Ar-Ge ve yenilik veya tasar\u0131m harcamalar\u0131n\u0131n bir \u00f6nceki y\u0131la g\u00f6re art\u0131\u015f tutar\u0131n\u0131n %50\u2019si, 31\/12\/2028 tarihine kadar, 13\/6\/2006 tarihli ve 5520 say\u0131l\u0131 Kurumlar Vergisi Kanununun 10 uncu maddesine g\u00f6re kurum kazanc\u0131n\u0131n tespitinde indirim konusu yap\u0131l\u0131r.<\/p>\n\n\n\n<p>a) Ar-Ge veya tasar\u0131m harcamas\u0131n\u0131n toplam ciro i\u00e7indeki pay\u0131.<\/p>\n\n\n\n<p>b) Tescil edilen ulusal veya uluslararas\u0131 patent say\u0131s\u0131.<\/p>\n\n\n\n<p>c)Uluslararas\u0131 destekli proje say\u0131s\u0131.<\/p>\n\n\n\n<p>\u00e7) Ar-Ge merkezlerinde lisans\u00fcst\u00fc dereceli ara\u015ft\u0131rmac\u0131 say\u0131s\u0131n\u0131n toplam Ar-Ge personeli say\u0131s\u0131na oran\u0131.<\/p>\n\n\n\n<p>d) Tasar\u0131m merkezlerinde lisans\u00fcst\u00fc dereceli tasar\u0131mc\u0131 say\u0131s\u0131n\u0131n toplam tasar\u0131m personeli say\u0131s\u0131na oran\u0131.<\/p>\n\n\n\n<p>e) Ar-Ge merkezlerinde toplam ara\u015ft\u0131rmac\u0131 say\u0131s\u0131n\u0131n toplam Ar-Ge personeli say\u0131s\u0131na oran\u0131.<\/p>\n\n\n\n<p>f) Tasar\u0131m merkezlerinde toplam tasar\u0131mc\u0131 say\u0131s\u0131n\u0131n toplam tasar\u0131m personeli say\u0131s\u0131na oran\u0131.<\/p>\n\n\n\n<p>g) Ar-Ge veya tasar\u0131m faaliyeti sonucu ortaya \u00e7\u0131kan yeni \u00fcr\u00fcnlerden elde edilen cironun toplam ciroya oran\u0131.<\/p>\n","protected":false},"excerpt":{"rendered":"<p>09.01.2023 Tarih ve 6652 Say\u0131l\u0131 Cumhurba\u015fkan\u0131 Karar\u0131 Uyar\u0131nca 8\/2\/2008 tarihli ve 5746 say\u0131l\u0131 Ara\u015ft\u0131rma, Geli\u015ftirme ve Tasar\u0131m Faaliyetlerinin Desteklenmesi Hakk\u0131nda Kanun kapsam\u0131nda kurulan ve a\u015fa\u011f\u0131da belirtilen g\u00f6stergelerden herhangi birinde bir \u00f6nceki y\u0131la g\u00f6re en az % 20 art\u0131\u015f sa\u011flayan Ar-Ge veya tasar\u0131m merkezlerinde, o y\u0131l yap\u0131lan Ar-Ge ve yenilik veya tasar\u0131m harcamalar\u0131n\u0131n bir \u00f6nceki y\u0131la [&hellip;]<\/p>\n","protected":false},"author":1,"featured_media":0,"comment_status":"closed","ping_status":"closed","sticky":false,"template":"","format":"standard","meta":{"footnotes":""},"categories":[17],"tags":[],"class_list":["post-1487","post","type-post","status-publish","format-standard","hentry","category-karar"],"yoast_head":"<!-- This site is optimized with the Yoast SEO plugin v27.5 - https:\/\/yoast.com\/product\/yoast-seo-wordpress\/ -->\n<title>B\u00fcy\u00fcyen Ar-Ge ve Tasar\u0131m Merkezleri\u2019 ne \u0130lave Kazan\u00e7 \u0130ndirimi \u0130mk\u00e2n\u0131 09.01.2023 Tarih ve 6652 Say\u0131l\u0131 Cumhurba\u015fkan\u0131 Karar\u0131 Uyar\u0131nca 31.12.2028 Tarihine Kadar Uzat\u0131lm\u0131\u015ft\u0131r. - Taxperia YMM A.\u015e.<\/title>\n<meta name=\"robots\" content=\"index, follow, max-snippet:-1, max-image-preview:large, max-video-preview:-1\" \/>\n<link rel=\"canonical\" href=\"http:\/\/www.taxperia.com.tr\/index.php\/2024\/12\/02\/buyuyen-ar-ge-ve-tasarim-merkezleri-ne-ilave-kazanc-indirimi-imkani-09-01-2023-tarih-ve-6652-sayili-cumhurbaskani-karari-uyarinca-31-12-2028-tarihine-kadar-uzatilmistir\/\" \/>\n<meta property=\"og:locale\" content=\"tr_TR\" \/>\n<meta property=\"og:type\" content=\"article\" \/>\n<meta property=\"og:title\" content=\"B\u00fcy\u00fcyen Ar-Ge ve Tasar\u0131m Merkezleri\u2019 ne \u0130lave Kazan\u00e7 \u0130ndirimi \u0130mk\u00e2n\u0131 09.01.2023 Tarih ve 6652 Say\u0131l\u0131 Cumhurba\u015fkan\u0131 Karar\u0131 Uyar\u0131nca 31.12.2028 Tarihine Kadar Uzat\u0131lm\u0131\u015ft\u0131r. - Taxperia YMM A.\u015e.\" \/>\n<meta property=\"og:description\" content=\"09.01.2023 Tarih ve 6652 Say\u0131l\u0131 Cumhurba\u015fkan\u0131 Karar\u0131 Uyar\u0131nca 8\/2\/2008 tarihli ve 5746 say\u0131l\u0131 Ara\u015ft\u0131rma, Geli\u015ftirme ve Tasar\u0131m Faaliyetlerinin Desteklenmesi Hakk\u0131nda Kanun kapsam\u0131nda kurulan ve a\u015fa\u011f\u0131da belirtilen g\u00f6stergelerden herhangi birinde bir \u00f6nceki y\u0131la g\u00f6re en az % 20 art\u0131\u015f sa\u011flayan Ar-Ge veya tasar\u0131m merkezlerinde, o y\u0131l yap\u0131lan Ar-Ge ve yenilik veya tasar\u0131m harcamalar\u0131n\u0131n bir \u00f6nceki y\u0131la [&hellip;]\" \/>\n<meta property=\"og:url\" content=\"http:\/\/www.taxperia.com.tr\/index.php\/2024\/12\/02\/buyuyen-ar-ge-ve-tasarim-merkezleri-ne-ilave-kazanc-indirimi-imkani-09-01-2023-tarih-ve-6652-sayili-cumhurbaskani-karari-uyarinca-31-12-2028-tarihine-kadar-uzatilmistir\/\" \/>\n<meta property=\"og:site_name\" content=\"Taxperia YMM A.\u015e.\" \/>\n<meta property=\"article:published_time\" content=\"2024-12-02T08:22:02+00:00\" \/>\n<meta property=\"article:modified_time\" content=\"2025-05-11T21:52:12+00:00\" \/>\n<meta name=\"author\" content=\"admin\" \/>\n<meta name=\"twitter:card\" content=\"summary_large_image\" \/>\n<meta name=\"twitter:label1\" content=\"Yazan:\" \/>\n\t<meta name=\"twitter:data1\" content=\"admin\" \/>\n\t<meta name=\"twitter:label2\" content=\"Tahmini okuma s\u00fcresi\" \/>\n\t<meta name=\"twitter:data2\" content=\"2 dakika\" \/>\n<script type=\"application\/ld+json\" class=\"yoast-schema-graph\">{\"@context\":\"https:\\\/\\\/schema.org\",\"@graph\":[{\"@type\":\"Article\",\"@id\":\"http:\\\/\\\/www.taxperia.com.tr\\\/index.php\\\/2024\\\/12\\\/02\\\/buyuyen-ar-ge-ve-tasarim-merkezleri-ne-ilave-kazanc-indirimi-imkani-09-01-2023-tarih-ve-6652-sayili-cumhurbaskani-karari-uyarinca-31-12-2028-tarihine-kadar-uzatilmistir\\\/#article\",\"isPartOf\":{\"@id\":\"http:\\\/\\\/www.taxperia.com.tr\\\/index.php\\\/2024\\\/12\\\/02\\\/buyuyen-ar-ge-ve-tasarim-merkezleri-ne-ilave-kazanc-indirimi-imkani-09-01-2023-tarih-ve-6652-sayili-cumhurbaskani-karari-uyarinca-31-12-2028-tarihine-kadar-uzatilmistir\\\/\"},\"author\":{\"name\":\"admin\",\"@id\":\"https:\\\/\\\/www.taxperia.com.tr\\\/#\\\/schema\\\/person\\\/cf26f17007b7c84507aaa82c36c6769d\"},\"headline\":\"B\u00fcy\u00fcyen Ar-Ge ve Tasar\u0131m Merkezleri\u2019 ne \u0130lave Kazan\u00e7 \u0130ndirimi \u0130mk\u00e2n\u0131 09.01.2023 Tarih ve 6652 Say\u0131l\u0131 Cumhurba\u015fkan\u0131 Karar\u0131 Uyar\u0131nca 31.12.2028 Tarihine Kadar Uzat\u0131lm\u0131\u015ft\u0131r.\",\"datePublished\":\"2024-12-02T08:22:02+00:00\",\"dateModified\":\"2025-05-11T21:52:12+00:00\",\"mainEntityOfPage\":{\"@id\":\"http:\\\/\\\/www.taxperia.com.tr\\\/index.php\\\/2024\\\/12\\\/02\\\/buyuyen-ar-ge-ve-tasarim-merkezleri-ne-ilave-kazanc-indirimi-imkani-09-01-2023-tarih-ve-6652-sayili-cumhurbaskani-karari-uyarinca-31-12-2028-tarihine-kadar-uzatilmistir\\\/\"},\"wordCount\":254,\"publisher\":{\"@id\":\"https:\\\/\\\/www.taxperia.com.tr\\\/#organization\"},\"articleSection\":[\"Kararlar\"],\"inLanguage\":\"tr\"},{\"@type\":\"WebPage\",\"@id\":\"http:\\\/\\\/www.taxperia.com.tr\\\/index.php\\\/2024\\\/12\\\/02\\\/buyuyen-ar-ge-ve-tasarim-merkezleri-ne-ilave-kazanc-indirimi-imkani-09-01-2023-tarih-ve-6652-sayili-cumhurbaskani-karari-uyarinca-31-12-2028-tarihine-kadar-uzatilmistir\\\/\",\"url\":\"http:\\\/\\\/www.taxperia.com.tr\\\/index.php\\\/2024\\\/12\\\/02\\\/buyuyen-ar-ge-ve-tasarim-merkezleri-ne-ilave-kazanc-indirimi-imkani-09-01-2023-tarih-ve-6652-sayili-cumhurbaskani-karari-uyarinca-31-12-2028-tarihine-kadar-uzatilmistir\\\/\",\"name\":\"B\u00fcy\u00fcyen Ar-Ge ve Tasar\u0131m Merkezleri\u2019 ne \u0130lave Kazan\u00e7 \u0130ndirimi \u0130mk\u00e2n\u0131 09.01.2023 Tarih ve 6652 Say\u0131l\u0131 Cumhurba\u015fkan\u0131 Karar\u0131 Uyar\u0131nca 31.12.2028 Tarihine Kadar Uzat\u0131lm\u0131\u015ft\u0131r. - Taxperia YMM A.\u015e.\",\"isPartOf\":{\"@id\":\"https:\\\/\\\/www.taxperia.com.tr\\\/#website\"},\"datePublished\":\"2024-12-02T08:22:02+00:00\",\"dateModified\":\"2025-05-11T21:52:12+00:00\",\"breadcrumb\":{\"@id\":\"http:\\\/\\\/www.taxperia.com.tr\\\/index.php\\\/2024\\\/12\\\/02\\\/buyuyen-ar-ge-ve-tasarim-merkezleri-ne-ilave-kazanc-indirimi-imkani-09-01-2023-tarih-ve-6652-sayili-cumhurbaskani-karari-uyarinca-31-12-2028-tarihine-kadar-uzatilmistir\\\/#breadcrumb\"},\"inLanguage\":\"tr\",\"potentialAction\":[{\"@type\":\"ReadAction\",\"target\":[\"http:\\\/\\\/www.taxperia.com.tr\\\/index.php\\\/2024\\\/12\\\/02\\\/buyuyen-ar-ge-ve-tasarim-merkezleri-ne-ilave-kazanc-indirimi-imkani-09-01-2023-tarih-ve-6652-sayili-cumhurbaskani-karari-uyarinca-31-12-2028-tarihine-kadar-uzatilmistir\\\/\"]}]},{\"@type\":\"BreadcrumbList\",\"@id\":\"http:\\\/\\\/www.taxperia.com.tr\\\/index.php\\\/2024\\\/12\\\/02\\\/buyuyen-ar-ge-ve-tasarim-merkezleri-ne-ilave-kazanc-indirimi-imkani-09-01-2023-tarih-ve-6652-sayili-cumhurbaskani-karari-uyarinca-31-12-2028-tarihine-kadar-uzatilmistir\\\/#breadcrumb\",\"itemListElement\":[{\"@type\":\"ListItem\",\"position\":1,\"name\":\"Anasayfa\",\"item\":\"http:\\\/\\\/www.taxperia.com.tr\\\/\"},{\"@type\":\"ListItem\",\"position\":2,\"name\":\"B\u00fcy\u00fcyen Ar-Ge ve Tasar\u0131m Merkezleri\u2019 ne \u0130lave Kazan\u00e7 \u0130ndirimi \u0130mk\u00e2n\u0131 09.01.2023 Tarih ve 6652 Say\u0131l\u0131 Cumhurba\u015fkan\u0131 Karar\u0131 Uyar\u0131nca 31.12.2028 Tarihine Kadar Uzat\u0131lm\u0131\u015ft\u0131r.\"}]},{\"@type\":\"WebSite\",\"@id\":\"https:\\\/\\\/www.taxperia.com.tr\\\/#website\",\"url\":\"https:\\\/\\\/www.taxperia.com.tr\\\/\",\"name\":\"Taxperia\",\"description\":\"Taxperia YMM A.\u015e.\",\"publisher\":{\"@id\":\"https:\\\/\\\/www.taxperia.com.tr\\\/#organization\"},\"potentialAction\":[{\"@type\":\"SearchAction\",\"target\":{\"@type\":\"EntryPoint\",\"urlTemplate\":\"https:\\\/\\\/www.taxperia.com.tr\\\/?s={search_term_string}\"},\"query-input\":{\"@type\":\"PropertyValueSpecification\",\"valueRequired\":true,\"valueName\":\"search_term_string\"}}],\"inLanguage\":\"tr\"},{\"@type\":\"Organization\",\"@id\":\"https:\\\/\\\/www.taxperia.com.tr\\\/#organization\",\"name\":\"Taxperia Yeminli Mali M\u00fc\u015favirlik\",\"url\":\"https:\\\/\\\/www.taxperia.com.tr\\\/\",\"logo\":{\"@type\":\"ImageObject\",\"inLanguage\":\"tr\",\"@id\":\"https:\\\/\\\/www.taxperia.com.tr\\\/#\\\/schema\\\/logo\\\/image\\\/\",\"url\":\"http:\\\/\\\/www.taxperia.com.tr\\\/wp-content\\\/uploads\\\/2024\\\/11\\\/taxperia_logo5.png\",\"contentUrl\":\"http:\\\/\\\/www.taxperia.com.tr\\\/wp-content\\\/uploads\\\/2024\\\/11\\\/taxperia_logo5.png\",\"width\":550,\"height\":138,\"caption\":\"Taxperia Yeminli Mali M\u00fc\u015favirlik\"},\"image\":{\"@id\":\"https:\\\/\\\/www.taxperia.com.tr\\\/#\\\/schema\\\/logo\\\/image\\\/\"}},{\"@type\":\"Person\",\"@id\":\"https:\\\/\\\/www.taxperia.com.tr\\\/#\\\/schema\\\/person\\\/cf26f17007b7c84507aaa82c36c6769d\",\"name\":\"admin\",\"image\":{\"@type\":\"ImageObject\",\"inLanguage\":\"tr\",\"@id\":\"https:\\\/\\\/secure.gravatar.com\\\/avatar\\\/971945ade4fe801815af5eba567ca197fa7f42c2e0d0b1a14e46d3067ecb7961?s=96&d=mm&r=g\",\"url\":\"https:\\\/\\\/secure.gravatar.com\\\/avatar\\\/971945ade4fe801815af5eba567ca197fa7f42c2e0d0b1a14e46d3067ecb7961?s=96&d=mm&r=g\",\"contentUrl\":\"https:\\\/\\\/secure.gravatar.com\\\/avatar\\\/971945ade4fe801815af5eba567ca197fa7f42c2e0d0b1a14e46d3067ecb7961?s=96&d=mm&r=g\",\"caption\":\"admin\"},\"sameAs\":[\"http:\\\/\\\/www.taxperia.com.tr\"],\"url\":\"http:\\\/\\\/www.taxperia.com.tr\\\/index.php\\\/author\\\/admin\\\/\"}]}<\/script>\n<!-- \/ Yoast SEO plugin. -->","yoast_head_json":{"title":"B\u00fcy\u00fcyen Ar-Ge ve Tasar\u0131m Merkezleri\u2019 ne \u0130lave Kazan\u00e7 \u0130ndirimi \u0130mk\u00e2n\u0131 09.01.2023 Tarih ve 6652 Say\u0131l\u0131 Cumhurba\u015fkan\u0131 Karar\u0131 Uyar\u0131nca 31.12.2028 Tarihine Kadar Uzat\u0131lm\u0131\u015ft\u0131r. - Taxperia YMM A.\u015e.","robots":{"index":"index","follow":"follow","max-snippet":"max-snippet:-1","max-image-preview":"max-image-preview:large","max-video-preview":"max-video-preview:-1"},"canonical":"http:\/\/www.taxperia.com.tr\/index.php\/2024\/12\/02\/buyuyen-ar-ge-ve-tasarim-merkezleri-ne-ilave-kazanc-indirimi-imkani-09-01-2023-tarih-ve-6652-sayili-cumhurbaskani-karari-uyarinca-31-12-2028-tarihine-kadar-uzatilmistir\/","og_locale":"tr_TR","og_type":"article","og_title":"B\u00fcy\u00fcyen Ar-Ge ve Tasar\u0131m Merkezleri\u2019 ne \u0130lave Kazan\u00e7 \u0130ndirimi \u0130mk\u00e2n\u0131 09.01.2023 Tarih ve 6652 Say\u0131l\u0131 Cumhurba\u015fkan\u0131 Karar\u0131 Uyar\u0131nca 31.12.2028 Tarihine Kadar Uzat\u0131lm\u0131\u015ft\u0131r. - Taxperia YMM A.\u015e.","og_description":"09.01.2023 Tarih ve 6652 Say\u0131l\u0131 Cumhurba\u015fkan\u0131 Karar\u0131 Uyar\u0131nca 8\/2\/2008 tarihli ve 5746 say\u0131l\u0131 Ara\u015ft\u0131rma, Geli\u015ftirme ve Tasar\u0131m Faaliyetlerinin Desteklenmesi Hakk\u0131nda Kanun kapsam\u0131nda kurulan ve a\u015fa\u011f\u0131da belirtilen g\u00f6stergelerden herhangi birinde bir \u00f6nceki y\u0131la g\u00f6re en az % 20 art\u0131\u015f sa\u011flayan Ar-Ge veya tasar\u0131m merkezlerinde, o y\u0131l yap\u0131lan Ar-Ge ve yenilik veya tasar\u0131m harcamalar\u0131n\u0131n bir \u00f6nceki y\u0131la [&hellip;]","og_url":"http:\/\/www.taxperia.com.tr\/index.php\/2024\/12\/02\/buyuyen-ar-ge-ve-tasarim-merkezleri-ne-ilave-kazanc-indirimi-imkani-09-01-2023-tarih-ve-6652-sayili-cumhurbaskani-karari-uyarinca-31-12-2028-tarihine-kadar-uzatilmistir\/","og_site_name":"Taxperia YMM A.\u015e.","article_published_time":"2024-12-02T08:22:02+00:00","article_modified_time":"2025-05-11T21:52:12+00:00","author":"admin","twitter_card":"summary_large_image","twitter_misc":{"Yazan:":"admin","Tahmini okuma s\u00fcresi":"2 dakika"},"schema":{"@context":"https:\/\/schema.org","@graph":[{"@type":"Article","@id":"http:\/\/www.taxperia.com.tr\/index.php\/2024\/12\/02\/buyuyen-ar-ge-ve-tasarim-merkezleri-ne-ilave-kazanc-indirimi-imkani-09-01-2023-tarih-ve-6652-sayili-cumhurbaskani-karari-uyarinca-31-12-2028-tarihine-kadar-uzatilmistir\/#article","isPartOf":{"@id":"http:\/\/www.taxperia.com.tr\/index.php\/2024\/12\/02\/buyuyen-ar-ge-ve-tasarim-merkezleri-ne-ilave-kazanc-indirimi-imkani-09-01-2023-tarih-ve-6652-sayili-cumhurbaskani-karari-uyarinca-31-12-2028-tarihine-kadar-uzatilmistir\/"},"author":{"name":"admin","@id":"https:\/\/www.taxperia.com.tr\/#\/schema\/person\/cf26f17007b7c84507aaa82c36c6769d"},"headline":"B\u00fcy\u00fcyen Ar-Ge ve Tasar\u0131m Merkezleri\u2019 ne \u0130lave Kazan\u00e7 \u0130ndirimi \u0130mk\u00e2n\u0131 09.01.2023 Tarih ve 6652 Say\u0131l\u0131 Cumhurba\u015fkan\u0131 Karar\u0131 Uyar\u0131nca 31.12.2028 Tarihine Kadar Uzat\u0131lm\u0131\u015ft\u0131r.","datePublished":"2024-12-02T08:22:02+00:00","dateModified":"2025-05-11T21:52:12+00:00","mainEntityOfPage":{"@id":"http:\/\/www.taxperia.com.tr\/index.php\/2024\/12\/02\/buyuyen-ar-ge-ve-tasarim-merkezleri-ne-ilave-kazanc-indirimi-imkani-09-01-2023-tarih-ve-6652-sayili-cumhurbaskani-karari-uyarinca-31-12-2028-tarihine-kadar-uzatilmistir\/"},"wordCount":254,"publisher":{"@id":"https:\/\/www.taxperia.com.tr\/#organization"},"articleSection":["Kararlar"],"inLanguage":"tr"},{"@type":"WebPage","@id":"http:\/\/www.taxperia.com.tr\/index.php\/2024\/12\/02\/buyuyen-ar-ge-ve-tasarim-merkezleri-ne-ilave-kazanc-indirimi-imkani-09-01-2023-tarih-ve-6652-sayili-cumhurbaskani-karari-uyarinca-31-12-2028-tarihine-kadar-uzatilmistir\/","url":"http:\/\/www.taxperia.com.tr\/index.php\/2024\/12\/02\/buyuyen-ar-ge-ve-tasarim-merkezleri-ne-ilave-kazanc-indirimi-imkani-09-01-2023-tarih-ve-6652-sayili-cumhurbaskani-karari-uyarinca-31-12-2028-tarihine-kadar-uzatilmistir\/","name":"B\u00fcy\u00fcyen Ar-Ge ve Tasar\u0131m Merkezleri\u2019 ne \u0130lave Kazan\u00e7 \u0130ndirimi \u0130mk\u00e2n\u0131 09.01.2023 Tarih ve 6652 Say\u0131l\u0131 Cumhurba\u015fkan\u0131 Karar\u0131 Uyar\u0131nca 31.12.2028 Tarihine Kadar Uzat\u0131lm\u0131\u015ft\u0131r. - Taxperia YMM A.\u015e.","isPartOf":{"@id":"https:\/\/www.taxperia.com.tr\/#website"},"datePublished":"2024-12-02T08:22:02+00:00","dateModified":"2025-05-11T21:52:12+00:00","breadcrumb":{"@id":"http:\/\/www.taxperia.com.tr\/index.php\/2024\/12\/02\/buyuyen-ar-ge-ve-tasarim-merkezleri-ne-ilave-kazanc-indirimi-imkani-09-01-2023-tarih-ve-6652-sayili-cumhurbaskani-karari-uyarinca-31-12-2028-tarihine-kadar-uzatilmistir\/#breadcrumb"},"inLanguage":"tr","potentialAction":[{"@type":"ReadAction","target":["http:\/\/www.taxperia.com.tr\/index.php\/2024\/12\/02\/buyuyen-ar-ge-ve-tasarim-merkezleri-ne-ilave-kazanc-indirimi-imkani-09-01-2023-tarih-ve-6652-sayili-cumhurbaskani-karari-uyarinca-31-12-2028-tarihine-kadar-uzatilmistir\/"]}]},{"@type":"BreadcrumbList","@id":"http:\/\/www.taxperia.com.tr\/index.php\/2024\/12\/02\/buyuyen-ar-ge-ve-tasarim-merkezleri-ne-ilave-kazanc-indirimi-imkani-09-01-2023-tarih-ve-6652-sayili-cumhurbaskani-karari-uyarinca-31-12-2028-tarihine-kadar-uzatilmistir\/#breadcrumb","itemListElement":[{"@type":"ListItem","position":1,"name":"Anasayfa","item":"http:\/\/www.taxperia.com.tr\/"},{"@type":"ListItem","position":2,"name":"B\u00fcy\u00fcyen Ar-Ge ve Tasar\u0131m Merkezleri\u2019 ne \u0130lave Kazan\u00e7 \u0130ndirimi \u0130mk\u00e2n\u0131 09.01.2023 Tarih ve 6652 Say\u0131l\u0131 Cumhurba\u015fkan\u0131 Karar\u0131 Uyar\u0131nca 31.12.2028 Tarihine Kadar Uzat\u0131lm\u0131\u015ft\u0131r."}]},{"@type":"WebSite","@id":"https:\/\/www.taxperia.com.tr\/#website","url":"https:\/\/www.taxperia.com.tr\/","name":"Taxperia","description":"Taxperia YMM A.\u015e.","publisher":{"@id":"https:\/\/www.taxperia.com.tr\/#organization"},"potentialAction":[{"@type":"SearchAction","target":{"@type":"EntryPoint","urlTemplate":"https:\/\/www.taxperia.com.tr\/?s={search_term_string}"},"query-input":{"@type":"PropertyValueSpecification","valueRequired":true,"valueName":"search_term_string"}}],"inLanguage":"tr"},{"@type":"Organization","@id":"https:\/\/www.taxperia.com.tr\/#organization","name":"Taxperia Yeminli Mali M\u00fc\u015favirlik","url":"https:\/\/www.taxperia.com.tr\/","logo":{"@type":"ImageObject","inLanguage":"tr","@id":"https:\/\/www.taxperia.com.tr\/#\/schema\/logo\/image\/","url":"http:\/\/www.taxperia.com.tr\/wp-content\/uploads\/2024\/11\/taxperia_logo5.png","contentUrl":"http:\/\/www.taxperia.com.tr\/wp-content\/uploads\/2024\/11\/taxperia_logo5.png","width":550,"height":138,"caption":"Taxperia Yeminli Mali M\u00fc\u015favirlik"},"image":{"@id":"https:\/\/www.taxperia.com.tr\/#\/schema\/logo\/image\/"}},{"@type":"Person","@id":"https:\/\/www.taxperia.com.tr\/#\/schema\/person\/cf26f17007b7c84507aaa82c36c6769d","name":"admin","image":{"@type":"ImageObject","inLanguage":"tr","@id":"https:\/\/secure.gravatar.com\/avatar\/971945ade4fe801815af5eba567ca197fa7f42c2e0d0b1a14e46d3067ecb7961?s=96&d=mm&r=g","url":"https:\/\/secure.gravatar.com\/avatar\/971945ade4fe801815af5eba567ca197fa7f42c2e0d0b1a14e46d3067ecb7961?s=96&d=mm&r=g","contentUrl":"https:\/\/secure.gravatar.com\/avatar\/971945ade4fe801815af5eba567ca197fa7f42c2e0d0b1a14e46d3067ecb7961?s=96&d=mm&r=g","caption":"admin"},"sameAs":["http:\/\/www.taxperia.com.tr"],"url":"http:\/\/www.taxperia.com.tr\/index.php\/author\/admin\/"}]}},"_links":{"self":[{"href":"http:\/\/www.taxperia.com.tr\/index.php\/wp-json\/wp\/v2\/posts\/1487","targetHints":{"allow":["GET"]}}],"collection":[{"href":"http:\/\/www.taxperia.com.tr\/index.php\/wp-json\/wp\/v2\/posts"}],"about":[{"href":"http:\/\/www.taxperia.com.tr\/index.php\/wp-json\/wp\/v2\/types\/post"}],"author":[{"embeddable":true,"href":"http:\/\/www.taxperia.com.tr\/index.php\/wp-json\/wp\/v2\/users\/1"}],"replies":[{"embeddable":true,"href":"http:\/\/www.taxperia.com.tr\/index.php\/wp-json\/wp\/v2\/comments?post=1487"}],"version-history":[{"count":2,"href":"http:\/\/www.taxperia.com.tr\/index.php\/wp-json\/wp\/v2\/posts\/1487\/revisions"}],"predecessor-version":[{"id":1491,"href":"http:\/\/www.taxperia.com.tr\/index.php\/wp-json\/wp\/v2\/posts\/1487\/revisions\/1491"}],"wp:attachment":[{"href":"http:\/\/www.taxperia.com.tr\/index.php\/wp-json\/wp\/v2\/media?parent=1487"}],"wp:term":[{"taxonomy":"category","embeddable":true,"href":"http:\/\/www.taxperia.com.tr\/index.php\/wp-json\/wp\/v2\/categories?post=1487"},{"taxonomy":"post_tag","embeddable":true,"href":"http:\/\/www.taxperia.com.tr\/index.php\/wp-json\/wp\/v2\/tags?post=1487"}],"curies":[{"name":"wp","href":"https:\/\/api.w.org\/{rel}","templated":true}]}}